{"id":11399,"date":"2019-05-30T10:59:00","date_gmt":"2019-05-30T08:59:00","guid":{"rendered":"https:\/\/ham.es\/nuevas-tractoras-gnl\/"},"modified":"2025-06-02T11:49:58","modified_gmt":"2025-06-02T09:49:58","slug":"noves-tractores-gnl","status":"publish","type":"post","link":"https:\/\/ham.es\/ca\/noves-tractores-gnl","title":{"rendered":"HAM 25 noves tractores GNL"},"content":{"rendered":"<p>[et_pb_section fb_built=&#8221;1&#8243; admin_label=&#8221;TEXTO H1&#8243; _builder_version=&#8221;4.24.3&#8243; _module_preset=&#8221;default&#8221; background_color=&#8221;RGBA(0,0,0,0)&#8221; custom_margin=&#8221;-50px||||false|false&#8221; custom_margin_tablet=&#8221;&#8221; custom_margin_phone=&#8221;&#8221; custom_margin_last_edited=&#8221;on|desktop&#8221; custom_padding=&#8221;0px||0px||false|false&#8221; bottom_divider_height=&#8221;100px&#8221; bottom_divider_style_tablet=&#8221;none&#8221; bottom_divider_style_phone=&#8221;none&#8221; bottom_divider_style_last_edited=&#8221;on|phone&#8221; global_colors_info=&#8221;{}&#8221;][et_pb_row custom_padding_last_edited=&#8221;on|desktop&#8221; _builder_version=&#8221;4.25.1&#8243; _module_preset=&#8221;default&#8221; background_color=&#8221;RGBA(0,0,0,0)&#8221; use_background_color_gradient=&#8221;on&#8221; background_color_gradient_stops=&#8221;rgba(0,0,0,0) 0%|rgba(0,0,0,0) 90%&#8221; background_color_gradient_start=&#8221;rgba(0,0,0,0)&#8221; background_color_gradient_end=&#8221;rgba(0,0,0,0)&#8221; background_color_gradient_end_position=&#8221;90%&#8221; width=&#8221;100%&#8221; max_width_tablet=&#8221;976px&#8221; max_width_phone=&#8221;&#8221; max_width_last_edited=&#8221;on|tablet&#8221; custom_margin=&#8221;0px||0px||false|false&#8221; custom_padding=&#8221;25px|10px|0px|10px|false|true&#8221; custom_padding_tablet=&#8221;||25px||false|true&#8221; custom_padding_phone=&#8221;25px|10px|25px|10px|true|true&#8221; global_colors_info=&#8221;{}&#8221;][et_pb_column type=&#8221;4_4&#8243; _builder_version=&#8221;4.16&#8243; _module_preset=&#8221;default&#8221; global_colors_info=&#8221;{}&#8221;][et_pb_text content_tablet=&#8221;<\/p>\n<h1 style=%22font-size: 25px; text-align: center;%22><strong>Grup HAM renova la seva flota amb 25 noves tractores<\/strong><\/h1>\n<p>&#8221; content_phone=&#8221;<\/p>\n<h1 style=%22font-size: 25px; text-align: center;%22><strong>Grup HAM renova la seva flota amb 25 noves tractores<\/strong><\/h1>\n<p>&#8221; content_last_edited=&#8221;on|desktop&#8221; _builder_version=&#8221;4.21.0&#8243; _module_preset=&#8221;default&#8221; text_font=&#8221;||||||||&#8221; text_text_color=&#8221;#000000&#8243; text_font_size=&#8221;12px&#8221; text_line_height=&#8221;2em&#8221; custom_margin=&#8221;0px|25px||25px|false|true&#8221; custom_margin_tablet=&#8221;0px||||false|true&#8221; custom_margin_phone=&#8221;|15px||15px|false|true&#8221; custom_margin_last_edited=&#8221;on|desktop&#8221; custom_padding=&#8221;|0px|0px|0px|false|true&#8221; custom_padding_tablet=&#8221;|25px|0px|25px|false|true&#8221; custom_padding_phone=&#8221;0px|25px|0px|25px|true|true&#8221; custom_padding_last_edited=&#8221;on|desktop&#8221; text_font_size_tablet=&#8221;15px&#8221; text_font_size_phone=&#8221;15px&#8221; text_font_size_last_edited=&#8221;on|phone&#8221; global_colors_info=&#8221;{}&#8221;]<\/p>\n<h1 style=\"font-size: 25px; text-align: center;\"><strong>Grup HAM renova la seva flota amb 25 noves tractores<\/strong><\/h1>\n<p>[\/et_pb_text][et_pb_text content_tablet=&#8221;<\/p>\n<h2 style=%22font-size: 20px; text-align: center;%22><strong>HAM renova i augmenta la flota de camions GNL<\/strong><\/h2>\n<p>&#8221; content_phone=&#8221;<\/p>\n<h2 style=%22font-size: 20px; text-align: center;%22><strong>HAM renova i augmenta la flota de camions GNL<\/strong><\/h2>\n<p>&#8221; content_last_edited=&#8221;on|desktop&#8221; _builder_version=&#8221;4.21.0&#8243; _module_preset=&#8221;default&#8221; text_font=&#8221;||||||||&#8221; text_text_color=&#8221;#000000&#8243; text_font_size=&#8221;15px&#8221; text_line_height=&#8221;2em&#8221; custom_margin=&#8221;0px|25px||25px|false|true&#8221; custom_margin_tablet=&#8221;0px||||false|true&#8221; custom_margin_phone=&#8221;|15px||15px|false|true&#8221; custom_margin_last_edited=&#8221;on|desktop&#8221; custom_padding=&#8221;|0px|35px|0px|false|true&#8221; custom_padding_tablet=&#8221;|25px|0px|25px|false|true&#8221; custom_padding_phone=&#8221;0px|25px|0px|25px|true|true&#8221; custom_padding_last_edited=&#8221;on|phone&#8221; text_font_size_tablet=&#8221;&#8221; text_font_size_phone=&#8221;&#8221; text_font_size_last_edited=&#8221;on|phone&#8221; locked=&#8221;off&#8221; global_colors_info=&#8221;{}&#8221;]<\/p>\n<h2 style=\"font-size: 20px; text-align: center;\"><strong>HAM renova i augmenta la flota de camions GNL<\/strong><\/h2>\n<p>[\/et_pb_text][\/et_pb_column][\/et_pb_row][et_pb_row _builder_version=&#8221;4.21.0&#8243; _module_preset=&#8221;default&#8221; width=&#8221;100%&#8221; max_width=&#8221;1300px&#8221; custom_margin=&#8221;0px||25px||false|false&#8221; custom_margin_tablet=&#8221;&#8221; custom_margin_phone=&#8221;&#8221; custom_margin_last_edited=&#8221;on|desktop&#8221; custom_padding=&#8221;0px||0px||false|false&#8221; locked=&#8221;off&#8221; global_colors_info=&#8221;{}&#8221;][et_pb_column type=&#8221;4_4&#8243; _builder_version=&#8221;4.16&#8243; _module_preset=&#8221;default&#8221; global_colors_info=&#8221;{}&#8221;][et_pb_text content_tablet=&#8221;<a href=%22https:\/\/ham.es\/ca\/%22 title=%22Grup HAM, l\u00edder en servei de gas industrial i vehicular%22><strong>Grup HAM<\/strong><\/a> ha adquirit 25 noves tractores, continuant aix\u00ed amb la nostra aposta per l&#8217;\u00fas del gas natural en el transport per carretera, com un combustible net i segur, que ens permet tenir cura del medi ambient, amb una reducci\u00f3 de les emissions contaminants de la nostra flota, reduint en un 60% els \u00f2xids de nitrogen (NOx), en un 99% les part\u00edcules PM i en un 95% el di\u00f2xid de carboni (CO2), cosa que permetr\u00e0 una major qualitat de l&#8217;aire.&#8221; content_phone=&#8221;<a href=%22https:\/\/ham.es\/ca\/%22 title=%22Grup HAM, l\u00edder en servei de gas industrial i vehicular%22><strong>Grup HAM<\/strong><\/a> ha adquirit 25 noves tractores, continuant aix\u00ed amb la nostra aposta per l&#8217;\u00fas del gas natural en el transport per carretera, com un combustible net i segur, que ens permet tenir cura del medi ambient, amb una reducci\u00f3 de les emissions contaminants de la nostra flota, reduint en un 60% els \u00f2xids de nitrogen (NOx), en un 99% les part\u00edcules PM i en un 95% el di\u00f2xid de carboni (CO2), cosa que permetr\u00e0 una major qualitat de l&#8217;aire.&#8221; content_last_edited=&#8221;on|desktop&#8221; _builder_version=&#8221;4.21.0&#8243; _module_preset=&#8221;default&#8221; text_font=&#8221;||||||||&#8221; text_text_color=&#8221;#000000&#8243; text_font_size=&#8221;15px&#8221; text_line_height=&#8221;2em&#8221; custom_margin=&#8221;0px|25px||25px|false|true&#8221; custom_margin_tablet=&#8221;0px||||false|true&#8221; custom_margin_phone=&#8221;|15px||15px|false|true&#8221; custom_margin_last_edited=&#8221;on|desktop&#8221; custom_padding=&#8221;|0px|35px|0px|false|true&#8221; custom_padding_tablet=&#8221;|25px|0px|25px|false|true&#8221; custom_padding_phone=&#8221;0px|25px|0px|25px|true|true&#8221; custom_padding_last_edited=&#8221;on|phone&#8221; text_font_size_tablet=&#8221;&#8221; text_font_size_phone=&#8221;&#8221; text_font_size_last_edited=&#8221;on|phone&#8221; global_colors_info=&#8221;{}&#8221;]<\/p>\n<p><a href=\"https:\/\/ham.es\/ca\/\" title=\"Grup HAM, l\u00edder en servei de gas industrial i vehicular\"><strong>Grup HAM<\/strong><\/a> ha adquirit 25 noves tractores, continuant aix\u00ed amb la nostra aposta per l&#8217;\u00fas del gas natural en el transport per carretera, com un combustible net i segur, que ens permet tenir cura del medi ambient, amb una reducci\u00f3 de les emissions contaminants de la nostra flota, reduint en un 60% els \u00f2xids de nitrogen (NOx), en un 99% les part\u00edcules PM i en un 95% el di\u00f2xid de carboni (CO2), cosa que permetr\u00e0 una major qualitat de l&#8217;aire.<\/p>\n<p>[\/et_pb_text][et_pb_image src=&#8221;https:\/\/ham.es\/wp-content\/uploads\/2024\/11\/grupo-ham-iveco-stralis.webp&#8221; alt=&#8221;A HAM fem servir GNL, una energia neta i respectuosa amb el medi ambient, a la nostra flota de transport terrestre&#8221; title_text=&#8221;HAM incorpora a la seva flota 25 noves tractores de GNL&#8221; align=&#8221;center&#8221; src_tablet=&#8221;https:\/\/ham.es\/wp-content\/uploads\/2024\/11\/grupo-ham-iveco-stralis.webp&#8221; src_phone=&#8221;https:\/\/ham.es\/wp-content\/uploads\/2024\/11\/grupo-ham-iveco-stralis.webp&#8221; src_last_edited=&#8221;on|desktop&#8221; align_tablet=&#8221;center&#8221; align_phone=&#8221;center&#8221; align_last_edited=&#8221;on|desktop&#8221; _builder_version=&#8221;4.21.0&#8243; _module_preset=&#8221;default&#8221; custom_margin=&#8221;0px||||false|false&#8221; custom_margin_tablet=&#8221;0px||-25px||false|false&#8221; custom_margin_phone=&#8221;0px||-25px||false|false&#8221; custom_margin_last_edited=&#8221;on|desktop&#8221; custom_padding_tablet=&#8221;&#8221; custom_padding_phone=&#8221;&#8221; custom_padding_last_edited=&#8221;on|desktop&#8221; border_radii=&#8221;off|15px||15px|&#8221; border_radii_tablet=&#8221;off|15px||15px|&#8221; border_radii_phone=&#8221;off|15px||15px|&#8221; border_radii_last_edited=&#8221;on|desktop&#8221; locked=&#8221;off&#8221; global_colors_info=&#8221;{}&#8221;][\/et_pb_image][\/et_pb_column][\/et_pb_row][et_pb_row _builder_version=&#8221;4.20.2&#8243; _module_preset=&#8221;default&#8221; width=&#8221;100%&#8221; max_width=&#8221;1300px&#8221; custom_margin_tablet=&#8221;&#8221; custom_margin_phone=&#8221;&#8221; custom_margin_last_edited=&#8221;on|tablet&#8221; custom_padding=&#8221;0px||0px||false|false&#8221; locked=&#8221;off&#8221; global_colors_info=&#8221;{}&#8221;][et_pb_column type=&#8221;4_4&#8243; _builder_version=&#8221;4.16&#8243; _module_preset=&#8221;default&#8221; global_colors_info=&#8221;{}&#8221;][et_pb_text content_tablet=&#8221;La nostra aposta per reduir l&#8217;efecte hivernacle va comen\u00e7ar fa 20 anys, quan vam ser la primera empresa a Europa que va apostar pel GNL, amb la compra, als Estats Units, de 10 tractores propulsades per gas natural liquat. El nostre esfor\u00e7 ha estat reconegut amb diverses mencions dins del sector i recentment Gasnam, l&#8217;Associaci\u00f3 Ib\u00e8rica que fomenta l&#8217;\u00fas del gas natural a la mobilitat terrestre i mar\u00edtima, va recon\u00e8ixer la nostra tasca amb el \u201c<a href=%22https:\/\/www.ham.es\/ca\/premi-emprenedoria-mediambiental\/%22 title=%22Grup HAM, pioners en l'impuls del gas natural a la mobilitat%22><strong>Premi Emprenedoria Mediambiental<\/strong><\/a>\u201d.<\/p>\n<p>Gr\u00e0cies a la incorporaci\u00f3 d&#8217;aquestes 25 noves tractores, HAM posa a disposici\u00f3 dels conductors un vehicle que els permetr\u00e0 treballar en un entorn c\u00f2mode i segur, on no se superen els 71db i que compta amb un sistema que els alerta en cas de baixar nivell datenci\u00f3. Aix\u00f2 els permetr\u00e0 fer la seva feina en condicions \u00f2ptimes, garantint, com sempre, la m\u00e0xima qualitat dels serveis que oferim als nostres clients.<\/p>\n<p>En els propers mesos, Grup HAM continuar\u00e0 ampliant i renovant la flota de vehicles propulsats per GNL, continuant amb el nostre m\u00e0xim nivell d&#8217;exig\u00e8ncia i respecte al medi ambient.&#8221; content_phone=&#8221;La nostra aposta per reduir l&#8217;efecte hivernacle va comen\u00e7ar fa 20 anys, quan vam ser la primera empresa a Europa que va apostar pel GNL, amb la compra, als Estats Units, de 10 tractores propulsades per gas natural liquat. El nostre esfor\u00e7 ha estat reconegut amb diverses mencions dins del sector i recentment Gasnam, l&#8217;Associaci\u00f3 Ib\u00e8rica que fomenta l&#8217;\u00fas del gas natural a la mobilitat terrestre i mar\u00edtima, va recon\u00e8ixer la nostra tasca amb el \u201c<a href=%22https:\/\/www.ham.es\/ca\/premi-emprenedoria-mediambiental\/%22 title=%22Grup HAM, pioners en l'impuls del gas natural a la mobilitat%22><strong>Premi Emprenedoria Mediambiental<\/strong><\/a>\u201d.<\/p>\n<p>Gr\u00e0cies a la incorporaci\u00f3 d&#8217;aquestes 25 noves tractores, HAM posa a disposici\u00f3 dels conductors un vehicle que els permetr\u00e0 treballar en un entorn c\u00f2mode i segur, on no se superen els 71db i que compta amb un sistema que els alerta en cas de baixar nivell datenci\u00f3. Aix\u00f2 els permetr\u00e0 fer la seva feina en condicions \u00f2ptimes, garantint, com sempre, la m\u00e0xima qualitat dels serveis que oferim als nostres clients.<\/p>\n<p>En els propers mesos, Grup HAM continuar\u00e0 ampliant i renovant la flota de vehicles propulsats per GNL, continuant amb el nostre m\u00e0xim nivell d&#8217;exig\u00e8ncia i respecte al medi ambient.&#8221; content_last_edited=&#8221;on|desktop&#8221; _builder_version=&#8221;4.21.0&#8243; _module_preset=&#8221;default&#8221; text_font=&#8221;||||||||&#8221; text_text_color=&#8221;#000000&#8243; text_font_size=&#8221;15px&#8221; text_line_height=&#8221;2em&#8221; custom_margin=&#8221;25px|25px||25px|false|true&#8221; custom_margin_tablet=&#8221;0px||0px||false|true&#8221; custom_margin_phone=&#8221;25px|15px||15px|false|true&#8221; custom_margin_last_edited=&#8221;on|desktop&#8221; custom_padding=&#8221;|0px|35px|0px|false|true&#8221; custom_padding_tablet=&#8221;25px|25px|0px|25px|false|true&#8221; custom_padding_phone=&#8221;0px|25px|0px|25px|true|true&#8221; custom_padding_last_edited=&#8221;on|phone&#8221; text_font_size_tablet=&#8221;&#8221; text_font_size_phone=&#8221;&#8221; text_font_size_last_edited=&#8221;on|phone&#8221; global_colors_info=&#8221;{}&#8221;]<\/p>\n<p>La nostra aposta per reduir l&#8217;efecte hivernacle va comen\u00e7ar fa 20 anys, quan vam ser la primera empresa a Europa que va apostar pel GNL, amb la compra, als Estats Units, de 10 tractores propulsades per gas natural liquat. El nostre esfor\u00e7 ha estat reconegut amb diverses mencions dins del sector i recentment Gasnam, l&#8217;Associaci\u00f3 Ib\u00e8rica que fomenta l&#8217;\u00fas del gas natural a la mobilitat terrestre i mar\u00edtima, va recon\u00e8ixer la nostra tasca amb el \u201c<a href=\"https:\/\/www.ham.es\/ca\/premi-emprenedoria-mediambiental\/\" title=\"Grup HAM, pioners en l'impuls del gas natural a la mobilitat\"><strong>Premi Emprenedoria Mediambiental<\/strong><\/a>\u201d.<\/p>\n<p>Gr\u00e0cies a la incorporaci\u00f3 d&#8217;aquestes 25 noves tractores, HAM posa a disposici\u00f3 dels conductors un vehicle que els permetr\u00e0 treballar en un entorn c\u00f2mode i segur, on no se superen els 71db i que compta amb un sistema que els alerta en cas de baixar nivell datenci\u00f3. Aix\u00f2 els permetr\u00e0 fer la seva feina en condicions \u00f2ptimes, garantint, com sempre, la m\u00e0xima qualitat dels serveis que oferim als nostres clients.<\/p>\n<p>En els propers mesos, Grup HAM continuar\u00e0 ampliant i renovant la flota de vehicles propulsats per GNL, continuant amb el nostre m\u00e0xim nivell d&#8217;exig\u00e8ncia i respecte al medi ambient.<\/p>\n<p>[\/et_pb_text][\/et_pb_column][\/et_pb_row][\/et_pb_section]<\/p>\n","protected":false},"excerpt":{"rendered":"<p>Grup HAM renova la seva flota amb 25 noves tractoresHAM renova i augmenta la flota de camions GNLGrup HAM ha adquirit 25 noves tractores, continuant aix\u00ed amb la nostra aposta per l&#8217;\u00fas del gas natural en el transport per carretera, com un combustible net i segur, que ens permet tenir cura del medi ambient, amb [&hellip;]<\/p>\n","protected":false},"author":2,"featured_media":0,"comment_status":"closed","ping_status":"closed","sticky":false,"template":"","format":"standard","meta":{"_et_pb_use_builder":"on","_et_pb_old_content":"","_et_gb_content_width":"","footnotes":""},"categories":[1],"tags":[],"class_list":["post-11399","post","type-post","status-publish","format-standard","hentry","category-sin-categoria"],"_links":{"self":[{"href":"https:\/\/ham.es\/ca\/wp-json\/wp\/v2\/posts\/11399","targetHints":{"allow":["GET"]}}],"collection":[{"href":"https:\/\/ham.es\/ca\/wp-json\/wp\/v2\/posts"}],"about":[{"href":"https:\/\/ham.es\/ca\/wp-json\/wp\/v2\/types\/post"}],"author":[{"embeddable":true,"href":"https:\/\/ham.es\/ca\/wp-json\/wp\/v2\/users\/2"}],"replies":[{"embeddable":true,"href":"https:\/\/ham.es\/ca\/wp-json\/wp\/v2\/comments?post=11399"}],"version-history":[{"count":2,"href":"https:\/\/ham.es\/ca\/wp-json\/wp\/v2\/posts\/11399\/revisions"}],"predecessor-version":[{"id":16947,"href":"https:\/\/ham.es\/ca\/wp-json\/wp\/v2\/posts\/11399\/revisions\/16947"}],"wp:attachment":[{"href":"https:\/\/ham.es\/ca\/wp-json\/wp\/v2\/media?parent=11399"}],"wp:term":[{"taxonomy":"category","embeddable":true,"href":"https:\/\/ham.es\/ca\/wp-json\/wp\/v2\/categories?post=11399"},{"taxonomy":"post_tag","embeddable":true,"href":"https:\/\/ham.es\/ca\/wp-json\/wp\/v2\/tags?post=11399"}],"curies":[{"name":"wp","href":"https:\/\/api.w.org\/{rel}","templated":true}]}}