{"id":11375,"date":"2019-06-11T09:53:00","date_gmt":"2019-06-11T07:53:00","guid":{"rendered":"https:\/\/ham.es\/altfuels-transporte-terrestre-maritimo-gnc-gnl\/"},"modified":"2025-06-02T11:47:52","modified_gmt":"2025-06-02T09:47:52","slug":"altfuels-transport-terrestre-maritim-gnc-gnl","status":"publish","type":"post","link":"https:\/\/ham.es\/ca\/altfuels-transport-terrestre-maritim-gnc-gnl","title":{"rendered":"Grup HAM Altfuelts Iberia 2019"},"content":{"rendered":"<p>[et_pb_section fb_built=&#8221;1&#8243; admin_label=&#8221;TEXTO H1&#8243; _builder_version=&#8221;4.24.3&#8243; _module_preset=&#8221;default&#8221; background_color=&#8221;RGBA(0,0,0,0)&#8221; custom_margin=&#8221;-50px||||false|false&#8221; custom_margin_tablet=&#8221;&#8221; custom_margin_phone=&#8221;&#8221; custom_margin_last_edited=&#8221;on|desktop&#8221; custom_padding=&#8221;0px||0px||false|false&#8221; bottom_divider_height=&#8221;100px&#8221; bottom_divider_style_tablet=&#8221;none&#8221; bottom_divider_style_phone=&#8221;none&#8221; bottom_divider_style_last_edited=&#8221;on|phone&#8221; global_colors_info=&#8221;{}&#8221;][et_pb_row custom_padding_last_edited=&#8221;on|desktop&#8221; _builder_version=&#8221;4.25.1&#8243; _module_preset=&#8221;default&#8221; background_color=&#8221;RGBA(0,0,0,0)&#8221; use_background_color_gradient=&#8221;on&#8221; background_color_gradient_stops=&#8221;rgba(0,0,0,0) 0%|rgba(0,0,0,0) 90%&#8221; background_color_gradient_start=&#8221;rgba(0,0,0,0)&#8221; background_color_gradient_end=&#8221;rgba(0,0,0,0)&#8221; background_color_gradient_end_position=&#8221;90%&#8221; width=&#8221;100%&#8221; max_width_tablet=&#8221;976px&#8221; max_width_phone=&#8221;&#8221; max_width_last_edited=&#8221;on|tablet&#8221; custom_margin=&#8221;0px||0px||false|false&#8221; custom_padding=&#8221;25px|10px|0px|10px|false|true&#8221; custom_padding_tablet=&#8221;||25px||false|true&#8221; custom_padding_phone=&#8221;25px|10px|25px|10px|true|true&#8221; global_colors_info=&#8221;{}&#8221;][et_pb_column type=&#8221;4_4&#8243; _builder_version=&#8221;4.16&#8243; _module_preset=&#8221;default&#8221; global_colors_info=&#8221;{}&#8221;][et_pb_text content_tablet=&#8221;<\/p>\n<h1 style=%22font-size: 25px; text-align: center;%22><strong>Grup HAM present a AltFuels Iberia 2019<\/strong><\/h1>\n<p>&#8221; content_phone=&#8221;<\/p>\n<h1 style=%22font-size: 25px; text-align: center;%22><strong>Grup HAM present a AltFuels Iberia 2019<\/strong><\/h1>\n<p>&#8221; content_last_edited=&#8221;on|desktop&#8221; _builder_version=&#8221;4.21.0&#8243; _module_preset=&#8221;default&#8221; text_font=&#8221;||||||||&#8221; text_text_color=&#8221;#000000&#8243; text_font_size=&#8221;12px&#8221; text_line_height=&#8221;2em&#8221; custom_margin=&#8221;0px|25px||25px|false|true&#8221; custom_margin_tablet=&#8221;0px||||false|true&#8221; custom_margin_phone=&#8221;|15px||15px|false|true&#8221; custom_margin_last_edited=&#8221;on|desktop&#8221; custom_padding=&#8221;|0px|0px|0px|false|true&#8221; custom_padding_tablet=&#8221;|25px|0px|25px|false|true&#8221; custom_padding_phone=&#8221;0px|25px|0px|25px|true|true&#8221; custom_padding_last_edited=&#8221;on|desktop&#8221; text_font_size_tablet=&#8221;15px&#8221; text_font_size_phone=&#8221;15px&#8221; text_font_size_last_edited=&#8221;on|phone&#8221; global_colors_info=&#8221;{}&#8221;]<\/p>\n<h1 style=\"font-size: 25px; text-align: center;\"><strong>Grup HAM present a AltFuels Iberia 2019<\/strong><\/h1>\n<p>[\/et_pb_text][et_pb_text content_tablet=&#8221;<\/p>\n<h2 style=%22font-size: 20px; text-align: center;%22><strong>Troba&#8217;ns a IFEMA, Pavell\u00f3 1, Stand 1C1<\/strong><\/h2>\n<p>&#8221; content_phone=&#8221;<\/p>\n<h2 style=%22font-size: 20px; text-align: center;%22><strong>Troba&#8217;ns a IFEMA, Pavell\u00f3 1, Stand 1C1<\/strong><\/h2>\n<p>&#8221; content_last_edited=&#8221;on|desktop&#8221; _builder_version=&#8221;4.21.0&#8243; _module_preset=&#8221;default&#8221; text_font=&#8221;||||||||&#8221; text_text_color=&#8221;#000000&#8243; text_font_size=&#8221;15px&#8221; text_line_height=&#8221;2em&#8221; custom_margin=&#8221;0px|25px||25px|false|true&#8221; custom_margin_tablet=&#8221;0px||||false|true&#8221; custom_margin_phone=&#8221;|15px||15px|false|true&#8221; custom_margin_last_edited=&#8221;on|desktop&#8221; custom_padding=&#8221;|0px|35px|0px|false|true&#8221; custom_padding_tablet=&#8221;|25px|0px|25px|false|true&#8221; custom_padding_phone=&#8221;0px|25px|0px|25px|true|true&#8221; custom_padding_last_edited=&#8221;on|phone&#8221; text_font_size_tablet=&#8221;&#8221; text_font_size_phone=&#8221;&#8221; text_font_size_last_edited=&#8221;on|phone&#8221; locked=&#8221;off&#8221; global_colors_info=&#8221;{}&#8221;]<\/p>\n<h2 style=\"font-size: 20px; text-align: center;\"><strong>Troba&#8217;ns a IFEMA, Pavell\u00f3 1, Stand 1C1<\/strong><\/h2>\n<p>[\/et_pb_text][\/et_pb_column][\/et_pb_row][et_pb_row _builder_version=&#8221;4.21.0&#8243; _module_preset=&#8221;default&#8221; width=&#8221;100%&#8221; max_width=&#8221;1300px&#8221; custom_margin=&#8221;0px||25px||false|false&#8221; custom_margin_tablet=&#8221;&#8221; custom_margin_phone=&#8221;&#8221; custom_margin_last_edited=&#8221;on|desktop&#8221; custom_padding=&#8221;0px||0px||false|false&#8221; locked=&#8221;off&#8221; global_colors_info=&#8221;{}&#8221;][et_pb_column type=&#8221;4_4&#8243; _builder_version=&#8221;4.16&#8243; _module_preset=&#8221;default&#8221; global_colors_info=&#8221;{}&#8221;][et_pb_text content_tablet=&#8221;<a href=%22https:\/\/ham.es\/ca\/%22 title=%22Grup HAM aposta per l'\u00fas del GNC i GNL al transport terrestre i mar\u00edtim%22><strong>Grup HAM<\/strong><\/a> participa el 12 i 13 de juny a AltFuels Iberia 2019, esdeveniment que reuneix els principals actors de la ind\u00fastria i les institucions, per tractar l&#8217;actualitat de les energies sostenibles per al transport terrestre i mar\u00edtim.<\/p>\n<p><a href=%22https:\/\/altfuelsiberia.com\/%22 data-et-target-link=%22_blank%22 rel=%22noopener%22 title=%22AltFuels \u00e9s l'esdeveniment de les energies sostenibles pel transport terrestre i mar\u00edtim%22><strong>AltFuels Iberia<\/strong><\/a> t\u00e9 lloc al Pavell\u00f3 1 del Recinte Firal IFEMA, Madrid, i ser\u00e0 un esdeveniment on els participants podran assistir a interessants confer\u00e8ncies i debats. A m\u00e9s, podran gaudir de l&#8217;exposici\u00f3 de vehicles de tota mena: estacions d&#8217;aprovisionament, components, plantes, motors terrestres i marins, aix\u00ed com l&#8217;univers de la ind\u00fastria dels combustibles alternatius amb els darrers desenvolupaments tecnol\u00f2gics.&#8221; content_phone=&#8221;<a href=%22https:\/\/ham.es\/ca\/%22 title=%22Grup HAM aposta per l'\u00fas del GNC i GNL al transport terrestre i mar\u00edtim%22><strong>Grup HAM<\/strong><\/a> participa el 12 i 13 de juny a AltFuels Iberia 2019, esdeveniment que reuneix els principals actors de la ind\u00fastria i les institucions, per tractar l&#8217;actualitat de les energies sostenibles per al transport terrestre i mar\u00edtim.<\/p>\n<p><a href=%22https:\/\/altfuelsiberia.com\/%22 data-et-target-link=%22_blank%22 rel=%22noopener%22 title=%22AltFuels \u00e9s l'esdeveniment de les energies sostenibles pel transport terrestre i mar\u00edtim%22><strong>AltFuels Iberia<\/strong><\/a> t\u00e9 lloc al Pavell\u00f3 1 del Recinte Firal IFEMA, Madrid, i ser\u00e0 un esdeveniment on els participants podran assistir a interessants confer\u00e8ncies i debats. A m\u00e9s, podran gaudir de l&#8217;exposici\u00f3 de vehicles de tota mena: estacions d&#8217;aprovisionament, components, plantes, motors terrestres i marins, aix\u00ed com l&#8217;univers de la ind\u00fastria dels combustibles alternatius amb els darrers desenvolupaments tecnol\u00f2gics.&#8221; content_last_edited=&#8221;on|phone&#8221; _builder_version=&#8221;4.21.0&#8243; _module_preset=&#8221;default&#8221; text_font=&#8221;||||||||&#8221; text_text_color=&#8221;#000000&#8243; text_font_size=&#8221;15px&#8221; text_line_height=&#8221;2em&#8221; custom_margin=&#8221;0px|25px||25px|false|true&#8221; custom_margin_tablet=&#8221;0px||||false|true&#8221; custom_margin_phone=&#8221;|15px||15px|false|true&#8221; custom_margin_last_edited=&#8221;on|desktop&#8221; custom_padding=&#8221;|0px|35px|0px|false|true&#8221; custom_padding_tablet=&#8221;|25px|0px|25px|false|true&#8221; custom_padding_phone=&#8221;0px|25px|0px|25px|true|true&#8221; custom_padding_last_edited=&#8221;on|phone&#8221; text_font_size_tablet=&#8221;&#8221; text_font_size_phone=&#8221;&#8221; text_font_size_last_edited=&#8221;on|phone&#8221; global_colors_info=&#8221;{}&#8221;]<\/p>\n<p><a href=\"https:\/\/ham.es\/ca\/\" title=\"Grup HAM aposta per l'\u00fas del GNC i GNL al transport terrestre i mar\u00edtim\"><strong>Grup HAM<\/strong><\/a> participa el 12 i 13 de juny a AltFuels Iberia 2019, esdeveniment que reuneix els principals actors de la ind\u00fastria i les institucions, per tractar l&#8217;actualitat de les energies sostenibles per al transport terrestre i mar\u00edtim.<\/p>\n<p><a href=\"https:\/\/altfuelsiberia.com\/\" target=\"_blank\" rel=\"noopener\" title=\"AltFuels \u00e9s l&#039;esdeveniment de les energies sostenibles pel transport terrestre i mar\u00edtim\"><strong>AltFuels Iberia<\/strong><\/a> t\u00e9 lloc al Pavell\u00f3 1 del Recinte Firal IFEMA, Madrid, i ser\u00e0 un esdeveniment on els participants podran assistir a interessants confer\u00e8ncies i debats. A m\u00e9s, podran gaudir de l&#8217;exposici\u00f3 de vehicles de tota mena: estacions d&#8217;aprovisionament, components, plantes, motors terrestres i marins, aix\u00ed com l&#8217;univers de la ind\u00fastria dels combustibles alternatius amb els darrers desenvolupaments tecnol\u00f2gics. <\/p>\n<p>[\/et_pb_text][et_pb_image src=&#8221;https:\/\/ham.es\/wp-content\/uploads\/2024\/11\/grupo-ham-altfuels-transporte-sostenible.webp&#8221; alt=&#8221;Grupo HAM est\u00e1 presente, con un stand, en AltFuels Iberia 2019, el evento que trata sobre las energ\u00edas sostenibles en el transporte terrestre y mar\u00edtimo&#8221; title_text=&#8221;Grupo HAM participa en AltFuels 2019 con un stand&#8221; align=&#8221;center&#8221; src_tablet=&#8221;https:\/\/ham.es\/wp-content\/uploads\/2024\/11\/grupo-ham-altfuels-transporte-sostenible.webp&#8221; src_phone=&#8221;https:\/\/ham.es\/wp-content\/uploads\/2024\/11\/grupo-ham-altfuels-transporte-sostenible.webp&#8221; src_last_edited=&#8221;on|desktop&#8221; align_tablet=&#8221;center&#8221; align_phone=&#8221;center&#8221; align_last_edited=&#8221;on|desktop&#8221; _builder_version=&#8221;4.21.0&#8243; _module_preset=&#8221;default&#8221; custom_margin=&#8221;0px||||false|false&#8221; custom_margin_tablet=&#8221;0px||-25px||false|false&#8221; custom_margin_phone=&#8221;0px||-25px||false|false&#8221; custom_margin_last_edited=&#8221;on|desktop&#8221; custom_padding_tablet=&#8221;&#8221; custom_padding_phone=&#8221;&#8221; custom_padding_last_edited=&#8221;on|desktop&#8221; border_radii=&#8221;off|15px||15px|&#8221; border_radii_tablet=&#8221;off|15px||15px|&#8221; border_radii_phone=&#8221;off|15px||15px|&#8221; border_radii_last_edited=&#8221;on|desktop&#8221; locked=&#8221;off&#8221; global_colors_info=&#8221;{}&#8221;][\/et_pb_image][\/et_pb_column][\/et_pb_row][et_pb_row _builder_version=&#8221;4.20.2&#8243; _module_preset=&#8221;default&#8221; width=&#8221;100%&#8221; max_width=&#8221;1300px&#8221; custom_margin_tablet=&#8221;&#8221; custom_margin_phone=&#8221;&#8221; custom_margin_last_edited=&#8221;on|tablet&#8221; custom_padding=&#8221;0px||0px||false|false&#8221; locked=&#8221;off&#8221; global_colors_info=&#8221;{}&#8221;][et_pb_column type=&#8221;4_4&#8243; _builder_version=&#8221;4.16&#8243; _module_preset=&#8221;default&#8221; global_colors_info=&#8221;{}&#8221;][et_pb_text content_tablet=&#8221;Grup HAM, sponsor or d&#8217;AltFuels Iberia 2019, estar\u00e0 ubicat a l&#8217;Stand 1C1, on els assistents podran con\u00e8ixer els nostres <a href=%22https:\/\/ham.es\/ca\/productes-serveis\/%22 title=%22Conegueu els productes i serveis que posem a la vostra disposici\u00f3 a Grup HAM%22><strong>productes i serveis<\/strong><\/a>, aix\u00ed com les solucions avan\u00e7ades que posem a la vostra disposici\u00f3, relacionades amb el transport terrestre i mar\u00edtim. Tots els que s&#8217;acostin a visitar-nos, podran con\u00e8ixer una de les nostres estacions m\u00f2bils de GNL, que compta amb els darrers aven\u00e7os tecnol\u00f2gics, i que permet proveir les principals marques del sector del transport: Volvo, Iveco, Scania\u2026<\/p>\n<p>A Grup HAM fa gaireb\u00e9 20 anys que apostem per l&#8217;\u00fas del GNL i GNC en el transport. Vam ser pioners a Europa en adquirir, als Estats Units, 10 tractores propulsades per gas natural liquat l&#8217;any 2000. Actualment, la totalitat de la nostra flota utilitza GNL.<\/p>\n<p>El nostre objectiu \u00e9s mitigar l&#8217;efecte hivernacle, eliminant les emissions de sofre (SO2) i reduint les emissions de mon\u00f2xid de carboni i CO2 fins a un 25%, en un 96% les emissions de part\u00edcules s\u00f2lides PM i en un 85% les emissions de \u00f2xids i nitrogen (NOx). La nostra aposta pel medi ambient ha estat reconeguda en diverses ocasions dins del sector, i l&#8217;\u00faltima \u00e9s el <a href=%22https:\/\/www.ham.es\/ca\/premi-emprenedoria-mediambiental\/%22 title=%22Grup HAM va rebre el Premi Emprenedoria Mediambiental per ser pioners en l'\u00fas del gas natural a la mobilitat%22><strong>Premi Emprenedoria Mediambiental<\/strong><\/a> concedit per Gasnam, l&#8217;Associaci\u00f3 Ib\u00e8rica que s&#8217;encarrega de fomentar l&#8217;\u00fas del gas natural en la mobilitat terrestre i mar\u00edtima.<\/p>\n<p>HAM \u00e9s un referent dins del sector del gas natural, apostant per l&#8217;\u00fas del gas natural comprimit i el gas natural liquat com a alternativa real a altres carburants com la gasolina i el di\u00e8sel, amb l&#8217;objectiu de reduir l&#8217;impacte negatiu en el medi ambient , mitjan\u00e7ant l&#8217;\u00fas d&#8217;un combustible net i sostenible, que no afecta la qualitat de l&#8217;aire i permet un estalvi entre el 30-50% respecte als combustibles f\u00f2ssils.&#8221; content_phone=&#8221;Grup HAM, sponsor or d&#8217;AltFuels Iberia 2019, estar\u00e0 ubicat a l&#8217;Stand 1C1, on els assistents podran con\u00e8ixer els nostres <a href=%22https:\/\/ham.es\/ca\/productes-serveis\/%22 title=%22Conegueu els productes i serveis que posem a la vostra disposici\u00f3 a Grup HAM%22><strong>productes i serveis<\/strong><\/a>, aix\u00ed com les solucions avan\u00e7ades que posem a la vostra disposici\u00f3, relacionades amb el transport terrestre i mar\u00edtim. Tots els que s&#8217;acostin a visitar-nos, podran con\u00e8ixer una de les nostres estacions m\u00f2bils de GNL, que compta amb els darrers aven\u00e7os tecnol\u00f2gics, i que permet proveir les principals marques del sector del transport: Volvo, Iveco, Scania\u2026<\/p>\n<p>A Grup HAM fa gaireb\u00e9 20 anys que apostem per l&#8217;\u00fas del GNL i GNC en el transport. Vam ser pioners a Europa en adquirir, als Estats Units, 10 tractores propulsades per gas natural liquat l&#8217;any 2000. Actualment, la totalitat de la nostra flota utilitza GNL.<\/p>\n<p>El nostre objectiu \u00e9s mitigar l&#8217;efecte hivernacle, eliminant les emissions de sofre (SO2) i reduint les emissions de mon\u00f2xid de carboni i CO2 fins a un 25%, en un 96% les emissions de part\u00edcules s\u00f2lides PM i en un 85% les emissions de \u00f2xids i nitrogen (NOx). La nostra aposta pel medi ambient ha estat reconeguda en diverses ocasions dins del sector, i l&#8217;\u00faltima \u00e9s el <a href=%22https:\/\/www.ham.es\/ca\/premi-emprenedoria-mediambiental\/%22 title=%22Grup HAM va rebre el Premi Emprenedoria Mediambiental per ser pioners en l'\u00fas del gas natural a la mobilitat%22><strong>Premi Emprenedoria Mediambiental<\/strong><\/a> concedit per Gasnam, l&#8217;Associaci\u00f3 Ib\u00e8rica que s&#8217;encarrega de fomentar l&#8217;\u00fas del gas natural en la mobilitat terrestre i mar\u00edtima.<\/p>\n<p>HAM \u00e9s un referent dins del sector del gas natural, apostant per l&#8217;\u00fas del gas natural comprimit i el gas natural liquat com a alternativa real a altres carburants com la gasolina i el di\u00e8sel, amb l&#8217;objectiu de reduir l&#8217;impacte negatiu en el medi ambient , mitjan\u00e7ant l&#8217;\u00fas d&#8217;un combustible net i sostenible, que no afecta la qualitat de l&#8217;aire i permet un estalvi entre el 30-50% respecte als combustibles f\u00f2ssils.&#8221; content_last_edited=&#8221;on|desktop&#8221; _builder_version=&#8221;4.21.0&#8243; _module_preset=&#8221;default&#8221; text_font=&#8221;||||||||&#8221; text_text_color=&#8221;#000000&#8243; text_font_size=&#8221;15px&#8221; text_line_height=&#8221;2em&#8221; custom_margin=&#8221;25px|25px||25px|false|true&#8221; custom_margin_tablet=&#8221;0px||0px||false|true&#8221; custom_margin_phone=&#8221;25px|15px||15px|false|true&#8221; custom_margin_last_edited=&#8221;on|desktop&#8221; custom_padding=&#8221;|0px|35px|0px|false|true&#8221; custom_padding_tablet=&#8221;25px|25px|0px|25px|false|true&#8221; custom_padding_phone=&#8221;0px|25px|0px|25px|true|true&#8221; custom_padding_last_edited=&#8221;on|phone&#8221; text_font_size_tablet=&#8221;&#8221; text_font_size_phone=&#8221;&#8221; text_font_size_last_edited=&#8221;on|phone&#8221; global_colors_info=&#8221;{}&#8221;]<\/p>\n<p>Grup HAM, sponsor or d&#8217;AltFuels Iberia 2019, estar\u00e0 ubicat a l&#8217;Stand 1C1, on els assistents podran con\u00e8ixer els nostres <a href=\"https:\/\/ham.es\/ca\/productes-serveis\" title=\"Conegueu els productes i serveis que posem a la vostra disposici\u00f3 a Grup HAM\"><strong>productes i serveis<\/strong><\/a>, aix\u00ed com les solucions avan\u00e7ades que posem a la vostra disposici\u00f3, relacionades amb el transport terrestre i mar\u00edtim. Tots els que s&#8217;acostin a visitar-nos, podran con\u00e8ixer una de les nostres estacions m\u00f2bils de GNL, que compta amb els darrers aven\u00e7os tecnol\u00f2gics, i que permet proveir les principals marques del sector del transport: Volvo, Iveco, Scania\u2026<\/p>\n<p>A Grup HAM fa gaireb\u00e9 20 anys que apostem per l&#8217;\u00fas del GNL i GNC en el transport. Vam ser pioners a Europa en adquirir, als Estats Units, 10 tractores propulsades per gas natural liquat l&#8217;any 2000. Actualment, la totalitat de la nostra flota utilitza GNL.<\/p>\n<p>El nostre objectiu \u00e9s mitigar l&#8217;efecte hivernacle, eliminant les emissions de sofre (SO2) i reduint les emissions de mon\u00f2xid de carboni i CO2 fins a un 25%, en un 96% les emissions de part\u00edcules s\u00f2lides PM i en un 85% les emissions de \u00f2xids i nitrogen (NOx). La nostra aposta pel medi ambient ha estat reconeguda en diverses ocasions dins del sector, i l&#8217;\u00faltima \u00e9s el <a href=\"https:\/\/www.ham.es\/ca\/premi-emprenedoria-mediambiental\/\" title=\"Grup HAM va rebre el Premi Emprenedoria Mediambiental per ser pioners en l&#039;\u00fas del gas natural a la mobilitat\"><strong>Premi Emprenedoria Mediambiental<\/strong><\/a> concedit per Gasnam, l&#8217;Associaci\u00f3 Ib\u00e8rica que s&#8217;encarrega de fomentar l&#8217;\u00fas del gas natural en la mobilitat terrestre i mar\u00edtima.<\/p>\n<p>HAM \u00e9s un referent dins del sector del gas natural, apostant per l&#8217;\u00fas del gas natural comprimit i el gas natural liquat com a alternativa real a altres carburants com la gasolina i el di\u00e8sel, amb l&#8217;objectiu de reduir l&#8217;impacte negatiu en el medi ambient , mitjan\u00e7ant l&#8217;\u00fas d&#8217;un combustible net i sostenible, que no afecta la qualitat de l&#8217;aire i permet un estalvi entre el 30-50% respecte als combustibles f\u00f2ssils.<\/p>\n<p>[\/et_pb_text][\/et_pb_column][\/et_pb_row][\/et_pb_section]<\/p>\n","protected":false},"excerpt":{"rendered":"<p>Grup HAM present a AltFuels Iberia 2019Troba&#8217;ns a IFEMA, Pavell\u00f3 1, Stand 1C1Grup HAM, sponsor or d&#8217;AltFuels Iberia 2019, estar\u00e0 ubicat a l&#8217;Stand 1C1, on els assistents podran con\u00e8ixer els nostres productes i serveis, aix\u00ed com les solucions avan\u00e7ades que posem a la vostra disposici\u00f3, relacionades amb el transport terrestre i mar\u00edtim. Tots els que [&hellip;]<\/p>\n","protected":false},"author":2,"featured_media":0,"comment_status":"closed","ping_status":"closed","sticky":false,"template":"","format":"standard","meta":{"_et_pb_use_builder":"on","_et_pb_old_content":"","_et_gb_content_width":"","footnotes":""},"categories":[1],"tags":[],"class_list":["post-11375","post","type-post","status-publish","format-standard","hentry","category-sin-categoria"],"_links":{"self":[{"href":"https:\/\/ham.es\/ca\/wp-json\/wp\/v2\/posts\/11375","targetHints":{"allow":["GET"]}}],"collection":[{"href":"https:\/\/ham.es\/ca\/wp-json\/wp\/v2\/posts"}],"about":[{"href":"https:\/\/ham.es\/ca\/wp-json\/wp\/v2\/types\/post"}],"author":[{"embeddable":true,"href":"https:\/\/ham.es\/ca\/wp-json\/wp\/v2\/users\/2"}],"replies":[{"embeddable":true,"href":"https:\/\/ham.es\/ca\/wp-json\/wp\/v2\/comments?post=11375"}],"version-history":[{"count":4,"href":"https:\/\/ham.es\/ca\/wp-json\/wp\/v2\/posts\/11375\/revisions"}],"predecessor-version":[{"id":16945,"href":"https:\/\/ham.es\/ca\/wp-json\/wp\/v2\/posts\/11375\/revisions\/16945"}],"wp:attachment":[{"href":"https:\/\/ham.es\/ca\/wp-json\/wp\/v2\/media?parent=11375"}],"wp:term":[{"taxonomy":"category","embeddable":true,"href":"https:\/\/ham.es\/ca\/wp-json\/wp\/v2\/categories?post=11375"},{"taxonomy":"post_tag","embeddable":true,"href":"https:\/\/ham.es\/ca\/wp-json\/wp\/v2\/tags?post=11375"}],"curies":[{"name":"wp","href":"https:\/\/api.w.org\/{rel}","templated":true}]}}